{"id":425,"date":"2014-02-28T14:51:47","date_gmt":"2014-02-28T13:51:47","guid":{"rendered":"http:\/\/kyudocz.cz?p=425"},"modified":"2014-03-06T17:09:30","modified_gmt":"2014-03-06T16:09:30","slug":"2009","status":"publish","type":"post","link":"https:\/\/kyudocz.cz\/?p=425","title":{"rendered":"Na\u0161e aktivity 2009"},"content":{"rendered":"<p>Rok 2009 byl pro na\u0161i asociaci velmi v\u00fdznamn\u00fd. Poprv\u00e9 jsme hromadn\u011b vyjeli ke zkou\u0161k\u00e1m na&nbsp;dan a&nbsp;uspo\u0159\u00e1dali prvn\u00ed semin\u00e1\u0159 s&nbsp;Diethardem Leopoldem z&nbsp;Rakouska.<\/p>\n<p><!--more--><\/p>\n<ul>\n<li>valn\u00e1 hromada (7.2.2009)<\/li>\n<li>\u00fa\u010dast z\u00e1stupce na\u00a0semin\u00e1\u0159i s\u00a0japonsk\u00fdmi sensei v\u00a0Hamburku (13.-15.3.2009)<\/li>\n<li>Prvn\u00ed semin\u00e1\u0159 kyuda v\u00a0Praze s\u00a0Diethardem Leopoldem (5.&nbsp;dan, renshi) (28. \u2013 29.&nbsp;3.&nbsp;2009, Tyr\u0161\u016fv d\u016fm)\n<p><div style=\"width: 610px\" class=\"wp-caption alignnone\"><img loading=\"lazy\" class=\" \" alt=\"\" src=\"http:\/\/kyudocz.cz\/old\/obrazky\/aktivity\/seminar%20Praha%202009\/celek.jpg\" width=\"600\" height=\"400\" \/><p class=\"wp-caption-text\">Semin\u00e1\u0159 Tyr\u0161\u016fv d\u016fm, Praha<\/p><\/div><\/li>\n<li>Uk\u00e1zka st\u0159\u00edlen\u00ed v\u00a0ZOO\u00a0Praha<\/li>\n<li>Uk\u00e1zka st\u0159\u00edlen\u00ed v\u00a0japonsk\u00e9 zahrad\u011b v\u00a0Ole\u0161ku (25.4.2009)<\/li>\n<li>8 \u010dlen\u016f se \u00fa\u010dastnilo celoevropsk\u00e9ho semin\u00e1\u0159e IKF ve\u00a0Frankfurtu, 6 slo\u017eilo 1.&nbsp;dan, 1 slo\u017eil 4.&nbsp;dan (16.-26.7.2009)<\/li>\n<li>Letn\u00ed soust\u0159ed\u011bn\u00ed ve\u00a0Votic\u00edch (20. \u2013 23.&nbsp;8.&nbsp;2009)<\/li>\n<\/ul>\n","protected":false},"excerpt":{"rendered":"<p>Rok 2009 byl pro na\u0161i asociaci velmi v\u00fdznamn\u00fd. Poprv\u00e9 jsme hromadn\u011b vyjeli ke zkou\u0161k\u00e1m na&nbsp;dan a&nbsp;uspo\u0159\u00e1dali prvn\u00ed semin\u00e1\u0159 s&nbsp;Diethardem Leopoldem z&nbsp;Rakouska.<\/p>\n","protected":false},"author":1,"featured_media":0,"comment_status":"closed","ping_status":"open","sticky":false,"template":"","format":"standard","meta":[],"categories":[4],"tags":[],"yoast_head":"<!-- This site is optimized with the Yoast SEO plugin v16.3 - https:\/\/yoast.com\/wordpress\/plugins\/seo\/ -->\n<meta name=\"robots\" content=\"index, follow, max-snippet:-1, max-image-preview:large, max-video-preview:-1\" \/>\n<link rel=\"canonical\" href=\"https:\/\/kyudocz.cz\/?p=425\" \/>\n<meta property=\"og:locale\" content=\"cs_CZ\" \/>\n<meta property=\"og:type\" content=\"article\" \/>\n<meta property=\"og:title\" content=\"Na\u0161e aktivity 2009 - Kyudo CZ\" \/>\n<meta property=\"og:description\" content=\"Rok 2009 byl pro na\u0161i asociaci velmi v\u00fdznamn\u00fd. Poprv\u00e9 jsme hromadn\u011b vyjeli ke zkou\u0161k\u00e1m na&nbsp;dan a&nbsp;uspo\u0159\u00e1dali prvn\u00ed semin\u00e1\u0159 s&nbsp;Diethardem Leopoldem z&nbsp;Rakouska.\" \/>\n<meta property=\"og:url\" content=\"https:\/\/kyudocz.cz\/?p=425\" \/>\n<meta property=\"og:site_name\" content=\"Kyudo CZ\" \/>\n<meta property=\"article:published_time\" content=\"2014-02-28T13:51:47+00:00\" \/>\n<meta property=\"article:modified_time\" content=\"2014-03-06T16:09:30+00:00\" \/>\n<meta property=\"og:image\" content=\"http:\/\/kjudo.cz\/old\/obrazky\/aktivity\/seminar%20Praha%202009\/celek.jpg\" \/>\n<meta name=\"twitter:card\" content=\"summary_large_image\" \/>\n<meta name=\"twitter:label1\" content=\"Odhadovan\u00e1 doba \u010dten\u00ed\">\n\t<meta name=\"twitter:data1\" content=\"1 minuta\">\n<script type=\"application\/ld+json\" class=\"yoast-schema-graph\">{\"@context\":\"https:\/\/schema.org\",\"@graph\":[{\"@type\":\"Organization\",\"@id\":\"https:\/\/kyudocz.cz\/#organization\",\"name\":\"\\u010cesk\\u00e1 asociace Japonsk\\u00e9 lukost\\u0159elby kjudo\",\"url\":\"https:\/\/kyudocz.cz\/\",\"sameAs\":[],\"logo\":{\"@type\":\"ImageObject\",\"@id\":\"https:\/\/kyudocz.cz\/#logo\",\"inLanguage\":\"cs\",\"url\":\"https:\/\/kyudocz.cz\/wp-content\/uploads\/2020\/12\/logo_kyudo.jpg\",\"contentUrl\":\"https:\/\/kyudocz.cz\/wp-content\/uploads\/2020\/12\/logo_kyudo.jpg\",\"width\":500,\"height\":256,\"caption\":\"\\u010cesk\\u00e1 asociace Japonsk\\u00e9 lukost\\u0159elby kjudo\"},\"image\":{\"@id\":\"https:\/\/kyudocz.cz\/#logo\"}},{\"@type\":\"WebSite\",\"@id\":\"https:\/\/kyudocz.cz\/#website\",\"url\":\"https:\/\/kyudocz.cz\/\",\"name\":\"Kyudo CZ\",\"description\":\"\",\"publisher\":{\"@id\":\"https:\/\/kyudocz.cz\/#organization\"},\"potentialAction\":[{\"@type\":\"SearchAction\",\"target\":\"https:\/\/kyudocz.cz\/?s={search_term_string}\",\"query-input\":\"required name=search_term_string\"}],\"inLanguage\":\"cs\"},{\"@type\":\"ImageObject\",\"@id\":\"https:\/\/kyudocz.cz\/?p=425#primaryimage\",\"inLanguage\":\"cs\",\"url\":\"http:\/\/kyudocz.cz\/old\/obrazky\/aktivity\/seminar%20Praha%202009\/celek.jpg\",\"contentUrl\":\"http:\/\/kyudocz.cz\/old\/obrazky\/aktivity\/seminar%20Praha%202009\/celek.jpg\"},{\"@type\":\"WebPage\",\"@id\":\"https:\/\/kyudocz.cz\/?p=425#webpage\",\"url\":\"https:\/\/kyudocz.cz\/?p=425\",\"name\":\"Na\\u0161e aktivity 2009 - Kyudo CZ\",\"isPartOf\":{\"@id\":\"https:\/\/kyudocz.cz\/#website\"},\"primaryImageOfPage\":{\"@id\":\"https:\/\/kyudocz.cz\/?p=425#primaryimage\"},\"datePublished\":\"2014-02-28T13:51:47+00:00\",\"dateModified\":\"2014-03-06T16:09:30+00:00\",\"breadcrumb\":{\"@id\":\"https:\/\/kyudocz.cz\/?p=425#breadcrumb\"},\"inLanguage\":\"cs\",\"potentialAction\":[{\"@type\":\"ReadAction\",\"target\":[\"https:\/\/kyudocz.cz\/?p=425\"]}]},{\"@type\":\"BreadcrumbList\",\"@id\":\"https:\/\/kyudocz.cz\/?p=425#breadcrumb\",\"itemListElement\":[{\"@type\":\"ListItem\",\"position\":1,\"item\":{\"@type\":\"WebPage\",\"@id\":\"https:\/\/kyudocz.cz\/\",\"url\":\"https:\/\/kyudocz.cz\/\",\"name\":\"Dom\\u016f\"}},{\"@type\":\"ListItem\",\"position\":2,\"item\":{\"@id\":\"https:\/\/kyudocz.cz\/?p=425#webpage\"}}]},{\"@type\":\"Article\",\"@id\":\"https:\/\/kyudocz.cz\/?p=425#article\",\"isPartOf\":{\"@id\":\"https:\/\/kyudocz.cz\/?p=425#webpage\"},\"author\":{\"@id\":\"https:\/\/kyudocz.cz\/#\/schema\/person\/a0d946b5df68c64086d2db3ae3becec2\"},\"headline\":\"Na\\u0161e aktivity 2009\",\"datePublished\":\"2014-02-28T13:51:47+00:00\",\"dateModified\":\"2014-03-06T16:09:30+00:00\",\"mainEntityOfPage\":{\"@id\":\"https:\/\/kyudocz.cz\/?p=425#webpage\"},\"wordCount\":114,\"publisher\":{\"@id\":\"https:\/\/kyudocz.cz\/#organization\"},\"image\":{\"@id\":\"https:\/\/kyudocz.cz\/?p=425#primaryimage\"},\"thumbnailUrl\":\"http:\/\/kyudocz.cz\/old\/obrazky\/aktivity\/seminar%20Praha%202009\/celek.jpg\",\"articleSection\":[\"Na\\u0161e aktivity - roky\"],\"inLanguage\":\"cs\"},{\"@type\":\"Person\",\"@id\":\"https:\/\/kyudocz.cz\/#\/schema\/person\/a0d946b5df68c64086d2db3ae3becec2\",\"name\":\"Spr\\u00e1vce\",\"image\":{\"@type\":\"ImageObject\",\"@id\":\"https:\/\/kyudocz.cz\/#personlogo\",\"inLanguage\":\"cs\",\"url\":\"https:\/\/secure.gravatar.com\/avatar\/8eb239fb53f647f9c8afbe4f6b5e9c23?s=96&d=wavatar&r=g\",\"contentUrl\":\"https:\/\/secure.gravatar.com\/avatar\/8eb239fb53f647f9c8afbe4f6b5e9c23?s=96&d=wavatar&r=g\",\"caption\":\"Spr\\u00e1vce\"}}]}<\/script>\n<!-- \/ Yoast SEO plugin. -->","_links":{"self":[{"href":"https:\/\/kyudocz.cz\/index.php?rest_route=\/wp\/v2\/posts\/425"}],"collection":[{"href":"https:\/\/kyudocz.cz\/index.php?rest_route=\/wp\/v2\/posts"}],"about":[{"href":"https:\/\/kyudocz.cz\/index.php?rest_route=\/wp\/v2\/types\/post"}],"author":[{"embeddable":true,"href":"https:\/\/kyudocz.cz\/index.php?rest_route=\/wp\/v2\/users\/1"}],"replies":[{"embeddable":true,"href":"https:\/\/kyudocz.cz\/index.php?rest_route=%2Fwp%2Fv2%2Fcomments&post=425"}],"version-history":[{"count":1,"href":"https:\/\/kyudocz.cz\/index.php?rest_route=\/wp\/v2\/posts\/425\/revisions"}],"predecessor-version":[{"id":426,"href":"https:\/\/kyudocz.cz\/index.php?rest_route=\/wp\/v2\/posts\/425\/revisions\/426"}],"wp:attachment":[{"href":"https:\/\/kyudocz.cz\/index.php?rest_route=%2Fwp%2Fv2%2Fmedia&parent=425"}],"wp:term":[{"taxonomy":"category","embeddable":true,"href":"https:\/\/kyudocz.cz\/index.php?rest_route=%2Fwp%2Fv2%2Fcategories&post=425"},{"taxonomy":"post_tag","embeddable":true,"href":"https:\/\/kyudocz.cz\/index.php?rest_route=%2Fwp%2Fv2%2Ftags&post=425"}],"curies":[{"name":"wp","href":"https:\/\/api.w.org\/{rel}","templated":true}]}}